{"id":264,"date":"2020-11-11T14:16:22","date_gmt":"2020-11-11T13:16:22","guid":{"rendered":"http:\/\/marielosophie.de\/?p=264"},"modified":"2020-11-11T14:53:49","modified_gmt":"2020-11-11T13:53:49","slug":"faul-fowl","status":"publish","type":"post","link":"https:\/\/marielosophie.de\/?p=264","title":{"rendered":"Faul &#8211; FOWL!"},"content":{"rendered":"\n<p><strong><span class=\"has-inline-color has-luminous-vivid-amber-color\">Die Ank\u00fcndigungen der Bundesregierung zu den versprochenen Novembernothilfen erweisen sich mal wieder als fauler Kompromiss.<\/span><\/strong><\/p>\n\n\n\n<p>Ich habe es bef\u00fcrchtet! In meinem letzten Beitrag lobte ich Monika Gr\u00fctters, die sich daf\u00fcr eingesetzt hat, dass auch die Solo Selbst\u00e4ndigen, die sich keinen teuren Steuerberater leisten k\u00f6nnen, an die versprochenen Hilfen im November kommen.<\/p>\n\n\n\n<p> Sie k\u00f6nnen den Antrag <em>selbst<\/em> stellen, wenn die Nothilfe nicht mehr als 5000 Euro betr\u00e4gt. Es stellt sich wieder einmal als Wunschdenken heraus. Denn was passiert gerade? Die L\u00e4nder und der Bund verzetteln sich mal wieder in Streitereien und dem Klein Klein. Die L\u00e4nder schreien auf, weil sie die \u00dcberlastung des Personals und der Server f\u00fcrchten, die der Run auf die Hilfen ausl\u00f6sen wird.&nbsp;<\/p>\n\n\n\n<p><strong><span class=\"has-inline-color has-luminous-vivid-amber-color\">Ja was haben sich denn die Herren Altmaier und Scholz gedacht?&nbsp;Warum sollte es denn diesmal anders laufen als im Fr\u00fchjahr?&nbsp;<\/span><\/strong><\/p>\n\n\n\n<p>War da was im Fr\u00fchjahr? Ja da war doch was&#8230;&nbsp;<\/p>\n\n\n\n<p>Denn exakt so, lief es bereits schon einmal. Das Personal, das die unglaubliche Flut an Antr\u00e4gen nicht mehr bew\u00e4ltigen konnte; die Server, die hoffnungslos \u00fcberlastet waren und somit die dringend ben\u00f6tigten Hilfen erst MONATE sp\u00e4ter bei den verzweifelten Hilfesuchenden eintrafen.&nbsp;<\/p>\n\n\n\n<p><strong><span class=\"has-inline-color has-luminous-vivid-amber-color\">Und jetzt? Stehen wir wieder vor genau dem gleichen Problem! \u00dcBERRASCHUNG&#8230;\u00dcBERRASCHUNG\u2026!<\/span><\/strong><\/p>\n\n\n\n<p>Die L\u00e4nder wollen den Run nicht noch einmal mitmachen. Der Bund tut so, als ginge ihn das alles nichts an. Hauptsache der Schein einer schnell helfenden Regierung bleibt gewahrt. Der medienwirksam propagierte <strong>WUMMS<\/strong>, entpuppt sich als der totale <strong>Blindg\u00e4nger<\/strong>! Doch wen interessieren schon die l\u00e4stigen Kleinigkeiten, wie Server\u00fcberlastung oder Personalmangel? Man hatte ja auch nur 7 Monate Zeit, um dar\u00fcber nachzudenken, wie es diesmal anders gemacht werden k\u00f6nnte. Und w\u00e4hrend all die Theoretiker sich mal wieder im Machtgerangel untereinander verlieren, warten Millionen von Solo Selbst\u00e4ndigen auf die versprochene unb\u00fcrokratische Hilfe.&nbsp;<\/p>\n\n\n\n<p><strong><span class=\"has-inline-color has-luminous-vivid-amber-color\">Genau sie: Die Solo Selbst\u00e4ndigen! Sie werden zwischen den Reibereien der L\u00e4nder und des Bundes <em>zermalmt<\/em>. Die, die am wenigsten daf\u00fcr k\u00f6nnen, m\u00fcssen jetzt wieder einmal f\u00fcr die mangelnde Kompetenz unserer F\u00fchrungsriege bezahlen &#8211; BUCHST\u00c4BLICH!<\/span><\/strong><\/p>\n\n\n\n<p>Das habe ich kommen sehen und hatte doch gehofft, es kommt nicht so. Und ich muss zugeben: Ich war noch viel zu <em>zahm<\/em> mit meiner Vermutung, dass wir die Novemberhilfen mit viel Gl\u00fcck vor Weihnachten erhalten. Doch weit gefehlt!<\/p>\n\n\n\n<p>Denn die L\u00e4nder gehen jetzt dazu \u00fcber, sich diesem Vorhaben entgegen zu stellen. Was bedeutet das?<\/p>\n\n\n\n<p><strong><span class=\"has-inline-color has-luminous-vivid-amber-color\">Sie verlangen allen ernstes, dass es den Solo Selbst\u00e4ndigen NICHT erlaubt werden soll, den Antrag <em>selbst\u00e4ndig<\/em> zu stellen. Sie scheuen die Arbeit, sie scheuen das Chaos. Was diese Forderung jedoch f\u00fcr die zig Solos bedeuten w\u00fcrde, ist ihnen vollkommen egal.&nbsp;<\/span><\/strong><\/p>\n\n\n\n<p>Es geht nur um die eigene Bequemlichkeit, nicht um wirkliche Unterst\u00fctzung der verzweifelten Solo Selbst\u00e4ndigen!<\/p>\n\n\n\n<p>Es ist ein absolutes Armutszeugnis f\u00fcr ein Land wie die Bundesrepublik, das nicht in der Lage ist ein Konzept zu entwickeln, welches tragf\u00e4hig ist und die Praktikabilit\u00e4t der Antragstellung so auf den Weg bringen kann, dass die Hilfe <em>wirklich<\/em> schnell und unb\u00fcrokratisch ankommt! Nein, stattdessen schieben sich nun Bund und L\u00e4nder den schwarzen Peter zu.<\/p>\n\n\n\n<p><strong><span class=\"has-inline-color has-luminous-vivid-amber-color\">Es sind somit nichts als hohle Worte und Versprechungen.<\/span><\/strong><\/p>\n\n\n\n<p>Die mentale Verfassung der Verzweifelten l\u00e4sst sich schon nicht mehr in Worte fassen. Wir k\u00f6nnen nur ungl\u00e4ubig lesen und h\u00f6ren, was da gerade wieder passiert. Und fragen uns, ob es wirklich wahr sein kann, was die L\u00e4nder da gerade fordern.&nbsp;<\/p>\n\n\n\n<p><strong><span class=\"has-inline-color has-luminous-vivid-amber-color\">Noch 4 Tage, dann ist der November zur H\u00e4lfte Geschichte, doch auf der B\u00fchne der Politik spielen sie mal wieder ein Lehrst\u00fcck der h\u00f6chsten Inkompetenz!<\/span><\/strong><\/p>\n\n\n\n<p>Und wir&nbsp; &#8211; die Solo Selbst\u00e4ndigen &#8211; k\u00f6nnen nur mit offenem Mund und ungl\u00e4ubigem Entsetzen diesem Treiben zuschauen &#8211; und w\u00e4hnen uns in einem St\u00fcck, das uns die gruselige Wahrheit vor Augen h\u00e4lt:<\/p>\n\n\n\n<p>The same procedure as every day:&nbsp;<\/p>\n\n\n\n<p>Bangen und hoffen, dass sich vielleicht doch noch ein hoffnungsvolles T\u00fcrchen \u00f6ffnet f\u00fcr all diejenigen, die f\u00fcr ihre Selbst\u00e4ndigkeit ihr Herzblut, ihren Mut und Einsatz WIRKLICH WIRKLICH unterst\u00fctzt und nicht <em>bestraft<\/em> und als <em>Kollateralsch\u00e4den<\/em> der Pandemie, in die Geschichte eingehen werden. Aber genau das wird die Wahrheit sein: Viele, viele zigtausende werden untergehen &#8211; leise werden sie verschwinden. Niemand wird es bemerken und die Kultur (wenn es sie dann \u00fcberhaupt noch geben wird), wird nur ein schaler Abglanz dessen sein, was sie vor der Pandemie einmal war: Vielf\u00e4ltig, kreativ und dem Gemeinwohl dienend. <\/p>\n\n\n\n<p><strong><span class=\"has-inline-color has-luminous-vivid-amber-color\">Geschichte!<\/span><\/strong><\/p>\n\n\n\n<p>Maria Kelzenberg &#8211; Betroffene Frau eines K\u00fcnstlers &#8211; <\/p>\n","protected":false},"excerpt":{"rendered":"<p>Ich habe es bef\u00fcrchtet! In meinem letzten Beitrag lobte ich Monika Gr\u00fctters, die sich eingesetzt hat, dass sich auch die Solo Selbst\u00e4ndigen, die sich keinen teuren Steuerberater leisten k\u00f6nnen, an die versprochenen Hilfen im November kommen&#8230;<\/p>\n","protected":false},"author":1,"featured_media":0,"comment_status":"open","ping_status":"open","sticky":false,"template":"","format":"standard","meta":[],"categories":[1],"tags":[29,28,30],"_links":{"self":[{"href":"https:\/\/marielosophie.de\/index.php?rest_route=\/wp\/v2\/posts\/264"}],"collection":[{"href":"https:\/\/marielosophie.de\/index.php?rest_route=\/wp\/v2\/posts"}],"about":[{"href":"https:\/\/marielosophie.de\/index.php?rest_route=\/wp\/v2\/types\/post"}],"author":[{"embeddable":true,"href":"https:\/\/marielosophie.de\/index.php?rest_route=\/wp\/v2\/users\/1"}],"replies":[{"embeddable":true,"href":"https:\/\/marielosophie.de\/index.php?rest_route=%2Fwp%2Fv2%2Fcomments&post=264"}],"version-history":[{"count":7,"href":"https:\/\/marielosophie.de\/index.php?rest_route=\/wp\/v2\/posts\/264\/revisions"}],"predecessor-version":[{"id":271,"href":"https:\/\/marielosophie.de\/index.php?rest_route=\/wp\/v2\/posts\/264\/revisions\/271"}],"wp:attachment":[{"href":"https:\/\/marielosophie.de\/index.php?rest_route=%2Fwp%2Fv2%2Fmedia&parent=264"}],"wp:term":[{"taxonomy":"category","embeddable":true,"href":"https:\/\/marielosophie.de\/index.php?rest_route=%2Fwp%2Fv2%2Fcategories&post=264"},{"taxonomy":"post_tag","embeddable":true,"href":"https:\/\/marielosophie.de\/index.php?rest_route=%2Fwp%2Fv2%2Ftags&post=264"}],"curies":[{"name":"wp","href":"https:\/\/api.w.org\/{rel}","templated":true}]}}