{"id":239,"date":"2020-11-07T13:32:06","date_gmt":"2020-11-07T12:32:06","guid":{"rendered":"http:\/\/marielosophie.de\/?p=239"},"modified":"2020-11-14T12:11:15","modified_gmt":"2020-11-14T11:11:15","slug":"monika-gruetters-hilft-sie","status":"publish","type":"post","link":"https:\/\/marielosophie.de\/?p=239","title":{"rendered":"Monika Gr\u00fctters &#8211; hilft sie? Sie hilft!"},"content":{"rendered":"\n<p>Die Frau der Stunde! Monika, ach Monika wo w\u00e4ren all die Solo Selbst\u00e4ndigen jetzt &#8211; ohne Ihre Interventionen? Danke f\u00fcr Ihren Einsatz!&nbsp;<\/p>\n\n\n\n<p><strong><span class=\"has-inline-color has-luminous-vivid-orange-color\">Worum es geht?&nbsp;<\/span><\/strong><\/p>\n\n\n\n<p>Vor 2 Tagen schrieb ich als indirekt betroffene Frau eines K\u00fcnstlers einen Artikel zu den absolut <em>praxisfernen<\/em> Beantragungsh\u00fcrden der dringend ben\u00f6tigten Corona Nothilfen. Und <em>jetzt<\/em> <em>endlich<\/em> &#8211; nachdem sich Monika Gr\u00fctters, die Kulturstaatsministerin in den vergangenen Tagen mit an den Kabinettstisch setzen durfte, bewegt sich etwas! <\/p>\n\n\n\n<p>Sie hat den Herren Altmaier und Scholz anscheinend deutlich machen k\u00f6nnen, dass das <em>sture<\/em> Festhalten an den fast un\u00fcberwindbaren Kriterien f\u00fcr die Beantragung der Nothilfen, f\u00fcr Millionen von verzweifelten Solo Selbst\u00e4ndigen das komplette <em>Aus<\/em> in den kommenden Wochen bedeuten k\u00f6nnte. Sie hat aus der <em>Praxis<\/em> berichtet, sie hat den Herren dargelegt, wie es <em>wirklich<\/em> aussieht &#8211; <em>dort<\/em> <em>draussen<\/em>. Und so &#8211; wie ich nach jetzigem Informationsstand schlie\u00dfen darf, wurde ein Kompromiss entwickelt, der die N\u00f6te und die nackte Existenzangst der zig Solo Selbst\u00e4ndigen <em>endlich<\/em> ernst nimmt.<\/p>\n\n\n\n<p><strong><span class=\"has-inline-color has-luminous-vivid-orange-color\">Sie hat Geh\u00f6r gefunden, die Monika! Zumindest, wenn man den Worten der Berichterstattung trauen darf.<\/span><\/strong><span class=\"has-inline-color has-luminous-vivid-orange-color\"><strong> <\/strong><\/span><span class=\"has-inline-color has-luminous-vivid-orange-color\"><strong>Und wie sieht dieser Kompromiss aus?&nbsp;<\/strong><\/span><\/p>\n\n\n\n<p><em>Praxisnah<\/em> &#8211; das kann ich vorab schon einmal festhalten. Zwar soll die Beantragung immer noch \u00fcber das gleiche Portal laufen, wie die omin\u00f6sen \u00dcberbr\u00fcckungshilfen; sprich, es geht nur mit einem <em>beauftragten<\/em> <em>Dritten<\/em> (wie sch\u00f6n unscheinbar formuliert). Allerdings &#8211; und <em>jetzt<\/em> folgt der kleine Zusatz: Betr\u00e4gt die beantragte Summe <em>nicht<\/em> <em>mehr<\/em> als 5000 Euro, kann jeder Solo Selbst\u00e4ndige <em>selbst<\/em> und in <em>Eigenregie<\/em> (unter besonderen Identifizierungs-Kriterien (welche &#8211; sind noch nicht bekannt) den Antrag stellen. Das ist doch mal ein Wort!&nbsp;<\/p>\n\n\n\n<p>Und ich wette: Die wenigsten werden \u00fcberhaupt mehr als diese 5000 Euro an Umsatz gehabt haben im vergangenen Jahr. Der Betrag ist also gut gew\u00e4hlt &#8211; er wird sicher f\u00fcr 90 % der Solo Selbst\u00e4ndigen an die 75% des Umsatz heranreichen, der im Nov. 2019 gemacht wurde. Das ist schon mal ein extremer Fortschritt. Und endlich d\u00fcrfen die Solo Selbst\u00e4ndigen diesen Betrag unter anderem <em>auch<\/em> dazu nutzen, ihren <em>Lebensunterhalt<\/em> zu bestreiten.<\/p>\n\n\n\n<p><span class=\"has-inline-color has-luminous-vivid-orange-color\"><strong>Ja richtig gelesen!&nbsp;<\/strong><\/span><\/p>\n\n\n\n<p>Das war n\u00e4mlich bei den bisher bereitgestellten \u00dcberbr\u00fcckungshilfen NICHT der Fall! Nur die betrieblichen Fixkosten (Atelier,-Telefon, Leasingkosten etc.) durften damit beglichen werden. Wie jedoch ein Solo Selbst\u00e4ndiger sein t\u00e4glich Brot finanzieren, seine Miete seine Krankenversicherung und die sonstigen privaten Kosten begleichen sollte, interessierte die Herren nicht im Geringsten.&nbsp;<\/p>\n\n\n\n<p>Und <em>das<\/em> ist die eigentliche Sensation, bei der Novemberhilfe:&nbsp;<\/p>\n\n\n\n<p><strong><span class=\"has-inline-color has-luminous-vivid-orange-color\">Erstmals d\u00fcrfen diese 75 % vom November Vorjahresumsatz <em>auch<\/em> f\u00fcr die Lebenshaltung herangezogen werden. HALLELUJA! Das normalste auf der Welt eigentlich &#8211; aber was f\u00fcr ein Act &#8211; bis das mal bei den Herren vorgedrungen ist; dazu brauchte es fast schon einen Vorschlaghammer<\/span><\/strong>.<\/p>\n\n\n\n<p>Denn f\u00fcr die Begleichung der privaten Lebenshaltungskosten blieb einem Solo Selbst\u00e4ndigen nur der Gang zu Hartz IV was &#8211; <em>euphemistisch<\/em>&#8211; als Grundsicherung bezeichnet wurde. Die Antr\u00e4ge waren allerdings so kompliziert (unb\u00fcrokratisch?-wo?), dass die meisten das Handtuch werfen mussten. Ich bin Diplom Betriebswirtin und habe mir die Antr\u00e4ge einmal ausgedruckt. Allein das Papier h\u00e4tte f\u00fcr einen Roman gereicht!&nbsp;<\/p>\n\n\n\n<p>Geschenkt!<\/p>\n\n\n\n<p><span class=\"has-inline-color has-luminous-vivid-orange-color\"><strong>Was jedoch die eigentliche Zumutung war: Pl\u00f6tzlich fand sich ein <em>eigenverantwortlicher<\/em>, <em>selbstbestimmter<\/em> Solo Selbst\u00e4ndiger als Hartz IV Empf\u00e4nger wieder. Was das mit der Psyche macht, kann sich wohl jeder selbst ausdenken.<\/strong><\/span><\/p>\n\n\n\n<p>Doch von all dem drang nichts zu den Herren durch. Die Stimmen, die immer lauter wurden, \u00fcberh\u00f6rte man gerne. Gab es \u00fcberhaupt ein Problem? Die Gelder wurden doch bereitgestellt &#8211;&nbsp; wer sie nicht abrief war doch selbst schuld! Und so wurde mal wieder alles auf dem R\u00fccken derjenigen ausgetragen, die dringend Hilfe ben\u00f6tigten. Aber wir wollen ja nicht nachtragend sein. Sollte sich dieser Kompromiss nicht als <em>fauler<\/em> Kompromiss entpuppen (und das hoffe ich wirklich sehr!), dann h\u00e4tten die vielen, vielen verzweifelten Solo Selbst\u00e4ndigen <em>zumindest<\/em> f\u00fcr November, eine Perspektive.&nbsp;<\/p>\n\n\n\n<p><strong><span class=\"has-inline-color has-luminous-vivid-orange-color\">Was aber noch lange nicht hei\u00dft, dass jetzt alles wunderbar ist. Denn, nach dem November kommt der Dezember und der Januar und der Februar. Was ist mit diesen Monaten?<\/span><\/strong><\/p>\n\n\n\n<p>Ja genau! So denken Selbst\u00e4ndige nun mal. Sie m\u00fcssen <em>planen<\/em>. Sie k\u00f6nnen sich nicht einfach entspannt zur\u00fccklehnen mit dem Wissen, dass jeden Monat regelm\u00e4\u00dfig ein Gehalt eingehen wird. Oder Kurzarbeitergeld. Die Rechnungen verschwinden ja nicht auf wundersame Weise im Dezember und all den nachfolgenden Monaten. Sie stehen p\u00fcnktlich &#8211; <em>jeden<\/em> Monatsersten &#8211; vor der T\u00fcr.<\/p>\n\n\n\n<p>Was mich aufregt, ist dieses ewige <em>Auf Sicht Fahren<\/em> &#8211; aber ohne <em>planen<\/em> zu k\u00f6nnen! Und so geht es den meisten Selbst\u00e4ndigen: Sie sind auf die Aus\u00fcbung ihrer Selbst\u00e4ndigkeit <em>angewiese<\/em>n, anders als ein Angestellter, der nicht sofort am Hungertuch nagen muss, wenn der Arbeitgeber ihn nach Hause schickt.  <\/p>\n\n\n\n<p><strong><span class=\"has-inline-color has-luminous-vivid-orange-color\">Jederzeit k\u00f6nnte der Lockdown wieder verh\u00e4ngt werden.  Und das bewirkt eine <em>permanente<\/em> <em>Existenzangst<\/em>! <\/span><\/strong><\/p>\n\n\n\n<p>K\u00f6nnen wir auch im Dezember auf Hilfen hoffen, falls uns die Aus\u00fcbung unserer  Selbst\u00e4ndigkeit auch im Dezember verboten wird? Im Januar? Februar? \u2026.  COVID-19 kennt keine Monate. Ich hoffe sehr, dass sich die Regierung auch \u00fcber den Monat November <em>hinaus<\/em> Gedanken gemacht hat, wie es mit den Regelungen der nachfolgenden Monaten aussehen kann. Gerne kann das Konzept auch auf die kommenden Monate ausgeweitet werden. <\/p>\n\n\n\n<p>Denn es ist klar: Solange es den Solo Selbst\u00e4ndigen <em>verboten<\/em> wird, den eigenen Lebensunterhalt zu verdienen, solange sind sie darauf <em>angewiesen<\/em>, zumindest einen <em>Teilausgleich<\/em> zu erhalten!<\/p>\n\n\n\n<p><strong><span class=\"has-inline-color has-luminous-vivid-orange-color\">So funktioniert es doch auch bei den Angestellten und der <em>Kurzarbeit<\/em>. Warum ist es dann so schwer, eine L\u00f6sung auch f\u00fcr diejenigen zu finden, die <em>tagt\u00e4glich<\/em> ein immenses existenzielles Risiko auf sich nehmen, indem sie mutig und unabh\u00e4ngig voranschreiten und mit ihrer Kunst die kulturelle Landschaft bereichern und <em>eigenverantwortlich<\/em> f\u00fcr ihren Lebensunterhalt sorgen?<\/span><\/strong><\/p>\n\n\n\n<p>Es darf nicht sein, dass genau diese Menschen f\u00fcr ihren Mut bestraft werden!<\/p>\n\n\n\n<p>Dieser erzielte Kompromiss ist schon mal ein Anfang und ich hoffe sehr, dass wir nicht ein weiteres Mal desillusioniert werden. Wie die Beantragung in der Praxis ablaufen wird &#8211; werden wir erst noch sehen. Auch wird ganz sicher, sobald es m\u00f6glich ist, <em>jeder<\/em> dieser Verzweifelten so schnell wie m\u00f6glich versuchen, die Hilfen zu beantragen. Was das f\u00fcr die Server bedeutet, d\u00fcrfte jedem klar sein: <em>\u00dcberlastung<\/em> und <em>Absturz<\/em>. Und das wird sich nicht in einem, auch nicht in zwei oder drei Tagen aufl\u00f6sen.<\/p>\n\n\n\n<p> Mein Tipp? Mit viel Gl\u00fcck werden die Novemberhilfen noch vor Weihnachten eingehen. Aber wir wollen auch nicht undankbar sein &#8211; wir behelfen uns eben so, wie wir es bereits die gesamten 7 Monate gehalten haben:&nbsp;<\/p>\n\n\n\n<p>Mit Unterst\u00fctzung unserer Familien, mit Flei\u00df und Kreativit\u00e4t hangeln wir uns von einem Monat zum anderen und freuen uns \u00fcber <em>jeden<\/em> Monat, den uns das Virus und die Regierung erlaubt, in <em>Eigenverantwortung<\/em> und unersch\u00fctterlichem Engagement der eigenen Selbst\u00e4ndigkeit nachzugehen. <\/p>\n\n\n\n<p>Hauptsache wir werden nicht wieder allein gelassen, denn:<\/p>\n\n\n\n<p><strong><span class=\"has-inline-color has-luminous-vivid-orange-color\">Wir sind systemrelevant! <\/span><\/strong><br><br><span class=\"has-inline-color has-luminous-vivid-orange-color\"><strong>Lassen wir es nicht soweit kommen, diese Tatsache erst dann zu bemerken, wenn die Kultur gestorben und es f\u00fcr hilfreiche, <em>praxisnahe<\/em> Ma\u00dfnahmen zu sp\u00e4t ist.<\/strong><\/span><\/p>\n\n\n\n<p>Maria Kelzenberg &#8211; Betroffene &#8211;<\/p>\n","protected":false},"excerpt":{"rendered":"<p>Vor 2 Tagen schrieb ich, als indirekt Betroffene eines K\u00fcnstlers einen Artikel, der \u00fcber die absolut praxisfernen H\u00fcrden in der Beantragung der dringend ben\u00f6tigten Corona Nothilfen aufgekl\u00e4rt hat. Und jetzt endlich &#8211; nachdem sich Monika Gr\u00fctters, die Kultur- und Medienbeauftragte der Bundesregierung, in den vergangenen Tagen mit an den Kabinettstisch setzen durfte, bewegt sich etwas&#8230;<\/p>\n","protected":false},"author":1,"featured_media":0,"comment_status":"open","ping_status":"open","sticky":false,"template":"","format":"standard","meta":[],"categories":[10,13,20],"tags":[32,28,30],"_links":{"self":[{"href":"https:\/\/marielosophie.de\/index.php?rest_route=\/wp\/v2\/posts\/239"}],"collection":[{"href":"https:\/\/marielosophie.de\/index.php?rest_route=\/wp\/v2\/posts"}],"about":[{"href":"https:\/\/marielosophie.de\/index.php?rest_route=\/wp\/v2\/types\/post"}],"author":[{"embeddable":true,"href":"https:\/\/marielosophie.de\/index.php?rest_route=\/wp\/v2\/users\/1"}],"replies":[{"embeddable":true,"href":"https:\/\/marielosophie.de\/index.php?rest_route=%2Fwp%2Fv2%2Fcomments&post=239"}],"version-history":[{"count":22,"href":"https:\/\/marielosophie.de\/index.php?rest_route=\/wp\/v2\/posts\/239\/revisions"}],"predecessor-version":[{"id":274,"href":"https:\/\/marielosophie.de\/index.php?rest_route=\/wp\/v2\/posts\/239\/revisions\/274"}],"wp:attachment":[{"href":"https:\/\/marielosophie.de\/index.php?rest_route=%2Fwp%2Fv2%2Fmedia&parent=239"}],"wp:term":[{"taxonomy":"category","embeddable":true,"href":"https:\/\/marielosophie.de\/index.php?rest_route=%2Fwp%2Fv2%2Fcategories&post=239"},{"taxonomy":"post_tag","embeddable":true,"href":"https:\/\/marielosophie.de\/index.php?rest_route=%2Fwp%2Fv2%2Ftags&post=239"}],"curies":[{"name":"wp","href":"https:\/\/api.w.org\/{rel}","templated":true}]}}