{"id":164,"date":"2020-09-22T15:26:37","date_gmt":"2020-09-22T13:26:37","guid":{"rendered":"http:\/\/marielosophie.de\/?p=164"},"modified":"2020-09-22T15:29:49","modified_gmt":"2020-09-22T13:29:49","slug":"verschwoerungstheorien-und-was-olaf-scholz-damit-zu-tun-hat","status":"publish","type":"post","link":"https:\/\/marielosophie.de\/?p=164","title":{"rendered":"Verschw\u00f6rungstheorien &#8211; und was Olaf Scholz damit zu tun hat"},"content":{"rendered":"\n<p class=\"has-drop-cap\">Es sind wohl die letzten sch\u00f6nen Tage, bevor sich das Wetter zeigt, dass eher zum Oktober passt, als die 25 Grad, die wir heute haben. Ich war heute morgen einkaufen und mir fallen jetzt wieder die L\u00fccken in den Regalen auf. K\u00fcndigt sich hier bereits die 2. Panikwelle wegen Corona an? Noch sind die L\u00fccken vereinzelt &#8211; auff\u00e4llig oft bei den g\u00fcnstigen Oliven\u00f6len, den Konserven und einigen Hygieneartikeln. Die Angst vor der k\u00fchleren Jahreszeit ist hier augenscheinlich. Nicht vor der k\u00fchlen Jahreszeit an sich &#8211; aber mit k\u00e4lteren Temperaturen hat es das Corona Virus einfacher, sich zu verbreiten. Also nochmal zur\u00fcck auf Los? Ich hoffe es nicht\u2026 <\/p>\n\n\n\n<p>Mir f\u00e4llt zudem auf, dass sich bereits jetzt Preise zeigen, die nichts mit den Preisen Anfang des Jahres zu tun haben. Ein Beutel \u00c4pfel vom Obsthof kostet statt 3.99 nun 4.34 euro. Das sind fast 10 % und die \u00c4pfel kommen aus der Region! Mich beschleicht in solchen F\u00e4llen der Verdacht, dass die Situation hier ausgenutzt wird und Lebensmittel in Sippenhaft genommen werden, die eigentlich nichts mit der Coronasituation zu tun haben. Aber &#8211; man kann es ja probieren&#8230;Ich allerdings sehe nicht ein, warum ich 10 % mehr f\u00fcr \u00c4pfel zahlen soll, die aus dem Nachbarort kommen.\u00a0<\/p>\n\n\n\n<p>Doch warum wundert mich das nicht wirklich? Bef\u00fcrchtet habe ich es, dass vieles teuerer wird &#8211; klar &#8211; aber auch Dinge, die nicht teuerer werden d\u00fcrften, werden teurer! Und das wiederum vermittelt mir ein unsch\u00f6nes Gef\u00fchl. N\u00e4mlich, dass hier auf Verdacht einfach mal der Preis erh\u00f6ht wird, ohne wirkliche Rechtfertigung dessen. Das macht mich SAUER! Dieses schale Gef\u00fchl des \u201ef\u00fcrdummverkaufens\u201c stellt sich unweigerlich bei mir ein. <\/p>\n\n\n\n<p>Dazu passt auch folgende Meldung zu einem weiteren Reizthema: Nord Stream 2. Hierzu hatte der Gr\u00fcnenabgeordnete J\u00fcrgen Trittin in einer Parlamentsanfrage explizit nach nach Kontakten der Bundesregierung mit der Trump-Administration gefragt. Und was kommt raus? Nach der Anwort, auf die im September reagiert wurde, kam heraus, dass Olaf Scholz im August mit seinem US Amtskollegen Steve Munchin telefoniert hatte. In diesem Telefonat hat Olaf Scholz demnach den Amerikanern 1 Millarde! &#8211; das lassen wir mal kurz auf uns wirken\u2026.<\/p>\n\n\n\n<p>Olaf Scholz hat also den Amerikanern 1 Millarde mehr an Unterst\u00fctzung f\u00fcr die Fl\u00fcssiggasterminals in Deutschland angeboten &#8211; wenn! Achtung: diese im Gegenzug die geplanten Sanktionen gegen die Betreiberfirmen der Pipline fallen lassen.<\/p>\n\n\n\n<p>Das ist BESTECHUNG! Aber es kommt noch besser: Dieses Telefonat wurde in der Beantwortung der Anfrage VERSCHWIEGEN. Und was sagt uns das? Das hier in den obersten Entscheidungsreihen im <em>Verborgenen<\/em> so einiges passiert, was wir kleinen unm\u00fcndigen B\u00fcrgern gar nicht mitbekommen. Sicher ist die Quelle relevant, aus der diese Information stammt. Sie kommt aus dem <em>Spiegel<\/em>. Auch wenn der <em>Spiegel <\/em>sicher kein Musterbeispiel an Wahrheit ist &#8211; (Relotius l\u00e4sst gr\u00fc\u00dfen) &#8211; kann man hier getrost davon ausgehen dass sie stimmt, denn es ist eine <em>offizielle<\/em> Anfrage von Trittin, so dass die Story 1:1 nachrecherchierbar ist. <\/p>\n\n\n\n<p>Auch die Antwort passt hervorragend zu meinem Bild von heute morgen: Wir werden f\u00fcr dumm verkauft! Bei jeder Gelegenheit, die sich bietet. Es ist kein Wunder, dass immer mehr Verschw\u00f6rungstheorien aus dem Boden schie\u00dfen. Ein leichtes, in diese Desaster Meldungen, Fake News reinzurammen. Die Regierung bietet doch die beste Steilvorlage hierf\u00fcr. Wenn wundert es dann, wenn die B\u00fcrger das Vertrauen verlieren und sich lieber ihre eigene Wahrheit zusammenbasteln. So gewinnen sie zumindest ein St\u00fcck Sicherheit zur\u00fcck. Denn wahr ist: Viele B\u00fcrger f\u00fchlen sich <em>verloren<\/em>. St\u00fcck f\u00fcr St\u00fcck bricht jede Sicherheit weg, die noch vor kurzem, viele Jahrzente Bestand hatte.\u00a0<\/p>\n\n\n\n<p>Und ich brauche jetzt nicht auf Corona, die Digitalisierung, die damit einhergehenden disruptiven Umw\u00e4lzungen, Trump, und die USA (die Liste ist lang\u2026) einzugehen.. Mittlerweile denke ich, ist bei jedem angekommen, dass kein Stein mehr auf dem anderen bleiben wird. Also: Woher noch die Zuversicht nehmen., wenn jede Sicherheit wegbricht? An <em>was<\/em> sich noch mental festhalten k\u00f6nnen? Verschw\u00f6rungstheorien helfen, diese gewaltige Unsicherheit zumindest ein St\u00fcckchen loszuwerden (leider nur scheinbar). Man macht sich die Welt erkl\u00e4rbar, die nicht mehr erkl\u00e4rbar ist. Und solche Meldungen, wie die von Olaf Scholz und seiner versuchten Bestechung, verhelfen nicht dabei, Vertrauen zu schaffen. <\/p>\n\n\n\n<p>Obwohl diese Meldung ganz sicher nicht an die allzu gro\u00dfe Glocke geh\u00e4ngt wird (die Meldung im Spiegel war nur eine viertel Seite lang &#8211; das sagt schon alles!). F\u00fcr mich passt sie jedoch voll ins Bild, dass ich von der Politik habe. Und jetzt stelle man sich nur mal vor, wie diese Meldung auf die B\u00fcrger wirkt, die hinter jeder Ecke eine Versch\u00f6rung vermuten? Kann sich jeder selbst ausdenken\u2026 Es braucht nur jemanden, der diese Meldung ordentlich RECHTS verpackt und serviert\u2026 mehr brauche ich nicht dazu schreiben.\u00a0<\/p>\n","protected":false},"excerpt":{"rendered":"<p>Es sind wohl die letzten sch\u00f6nen Tage, bevor sich das Wetter zeigt, dass eher zum Oktober passt, als die 25 Grad, die wir heute haben. Ich war heute morgen einkaufen und mir fallen jetzt wieder die L\u00fccken in den Regalen auf. K\u00fcndigt sich hier bereits die 2. Panikwelle wegen Corona an? Noch sind die L\u00fccken vereinzelt&#8230;<\/p>\n","protected":false},"author":1,"featured_media":0,"comment_status":"open","ping_status":"open","sticky":false,"template":"","format":"standard","meta":[],"categories":[21,20],"tags":[7,26],"_links":{"self":[{"href":"https:\/\/marielosophie.de\/index.php?rest_route=\/wp\/v2\/posts\/164"}],"collection":[{"href":"https:\/\/marielosophie.de\/index.php?rest_route=\/wp\/v2\/posts"}],"about":[{"href":"https:\/\/marielosophie.de\/index.php?rest_route=\/wp\/v2\/types\/post"}],"author":[{"embeddable":true,"href":"https:\/\/marielosophie.de\/index.php?rest_route=\/wp\/v2\/users\/1"}],"replies":[{"embeddable":true,"href":"https:\/\/marielosophie.de\/index.php?rest_route=%2Fwp%2Fv2%2Fcomments&post=164"}],"version-history":[{"count":4,"href":"https:\/\/marielosophie.de\/index.php?rest_route=\/wp\/v2\/posts\/164\/revisions"}],"predecessor-version":[{"id":168,"href":"https:\/\/marielosophie.de\/index.php?rest_route=\/wp\/v2\/posts\/164\/revisions\/168"}],"wp:attachment":[{"href":"https:\/\/marielosophie.de\/index.php?rest_route=%2Fwp%2Fv2%2Fmedia&parent=164"}],"wp:term":[{"taxonomy":"category","embeddable":true,"href":"https:\/\/marielosophie.de\/index.php?rest_route=%2Fwp%2Fv2%2Fcategories&post=164"},{"taxonomy":"post_tag","embeddable":true,"href":"https:\/\/marielosophie.de\/index.php?rest_route=%2Fwp%2Fv2%2Ftags&post=164"}],"curies":[{"name":"wp","href":"https:\/\/api.w.org\/{rel}","templated":true}]}}